{"id":587,"date":"2022-04-11T07:30:27","date_gmt":"2022-04-11T04:30:27","guid":{"rendered":"https:\/\/eisiskiuarsportomokykla.lt\/?p=587"},"modified":"2023-03-02T13:58:00","modified_gmt":"2023-03-02T11:58:00","slug":"naujas-lapas-sporto-mokyklos-kronikoje","status":"publish","type":"post","link":"https:\/\/eisiskiuarsportomokykla.lt\/index.php\/2022\/04\/11\/naujas-lapas-sporto-mokyklos-kronikoje\/","title":{"rendered":"Naujas lapas sporto mokyklos kronikoje"},"content":{"rendered":"\n<figure class=\"wp-block-image alignleft is-resized\"><a href=\"https:\/\/salcininkai.lt\/data\/public\/uploads\/2022\/03\/spm0.jpg\"><img fetchpriority=\"high\" decoding=\"async\" src=\"https:\/\/salcininkai.lt\/data\/public\/thumbnails\/2022\/03\/resize_600x600_spm0.jpg\" alt=\"Naujas lapas sporto mokyklos kronikoje\" width=\"437\" height=\"291\"\/><\/a><\/figure>\n\n\n\n<p>\u0160al\u010dinink\u0173 rajono savivaldyb\u0117s pastangomis prasideda naujas \u0160al\u010dinink\u0173 rajono sporto mokyklos istorijos etapas \u2013 po remonto darb\u0173&nbsp; 2022 m. sausio prad\u017eios duris atv\u0117rusi \u0161iuolaiki\u0161kai \u012frengta \u0160al\u010dinink\u0173 rajono A. Ratkevi\u010diaus sporto mokykla.<\/p>\n\n\n\n<p>2020 \u2013 2021 m. \u0160al\u010dinink\u0173 rajono savivaldyb\u0117 \u012fgyvendino net du projektus, leid\u017eian\u010dius si\u016blyti aukl\u0117tiniams kokybi\u0161kas ugdymo ir sporto s\u0105lygas, u\u017etikrinan\u010dius auk\u0161to lygio sporto rengini\u0173 organizavim\u0105. Bendra j\u0173 vert\u0117 \u2013 494.139,24 Eur \u0160al\u010dinink\u0173 rajono savivaldyb\u0117 prisid\u0117jo \u2013 74.120,87 Eur. Skirdama finansavim\u0105 \u0161i\u0173 projekt\u0173 \u012fgyvendinimui i\u0161 savo biud\u017eeto \u0160al\u010dinink\u0173 rajono savivaldyb\u0117 pritrauk\u0117 beveik pus\u0117s milijono eur\u0173 investicijas ir s\u0117kmingai jas \u012fsisavino.<\/p>\n\n\n\n<p>2019 \u2013 2021 m. \u0160al\u010dinink\u0173 rajono savivaldyb\u0117 \u012fgyvendino tarptautin\u012f projekt\u0105 \u201eSavivaldyb\u0117s \u2013 aktyvios bendruomen\u0117s nar\u0117s\u201c, kurio rezultatas ne tik trys trij\u0173 dien\u0173 trukm\u0117s \u0161eim\u0173 stovyklos su partneriais (i\u0161 Sokulkos rajono Lenkijoje ir Var\u0117nos rajono), kuri\u0173 metu organizuotos \u0161eim\u0105 stiprinan\u010dios ir aktyv\u0173 gyvenimo b\u016bd\u0105 propaguojan\u010dios veiklos, bet ir nauja, daugiau negu 700 kv. m grind\u0173 danga, u\u017etikrinanti saugi\u0105 aktyvi\u0105 veikl\u0105. Buvusias medines grindis pakeit\u0117 sporto sal\u0117ms pritaikyta danga. Bendra projekto \u201eSavivaldyb\u0117s \u2013 aktyvios bendruomen\u0117s nar\u0117s\u201c vert\u0117 &#8211; 195\u202f463 Eur., i\u0161 j\u0173 85 proc. buvo finansuojama i\u0161 Europos regionin\u0117s pl\u0117tros fondo.<\/p>\n\n\n\n<div class=\"wp-block-columns is-layout-flex wp-container-core-columns-is-layout-28f84493 wp-block-columns-is-layout-flex\">\n<div class=\"wp-block-column is-layout-flow wp-block-column-is-layout-flow\">\n<figure class=\"wp-block-image\"><a href=\"https:\/\/salcininkai.lt\/data\/public\/uploads\/2022\/03\/spm1.jpg\"><img decoding=\"async\" src=\"https:\/\/salcininkai.lt\/data\/public\/uploads\/2022\/03\/spm1.jpg\" alt=\"\"\/><\/a><\/figure>\n<\/div>\n\n\n\n<div class=\"wp-block-column is-layout-flow wp-block-column-is-layout-flow\">\n<figure class=\"wp-block-image\"><a href=\"https:\/\/salcininkai.lt\/data\/public\/uploads\/2022\/03\/spm2.jpg\"><img decoding=\"async\" src=\"https:\/\/salcininkai.lt\/data\/public\/uploads\/2022\/03\/spm2.jpg\" alt=\"\"\/><\/a><\/figure>\n<\/div>\n<\/div>\n\n\n\n<div class=\"wp-block-columns is-layout-flex wp-container-core-columns-is-layout-28f84493 wp-block-columns-is-layout-flex\">\n<div class=\"wp-block-column is-layout-flow wp-block-column-is-layout-flow\">\n<figure class=\"wp-block-image\"><a href=\"https:\/\/salcininkai.lt\/data\/public\/uploads\/2022\/03\/spm3.jpg\"><img decoding=\"async\" src=\"https:\/\/salcininkai.lt\/data\/public\/uploads\/2022\/03\/spm3.jpg\" alt=\"\"\/><\/a><\/figure>\n<\/div>\n\n\n\n<div class=\"wp-block-column is-layout-flow wp-block-column-is-layout-flow\">\n<figure class=\"wp-block-image\"><a href=\"https:\/\/salcininkai.lt\/data\/public\/uploads\/2022\/03\/spm4.jpg\"><img decoding=\"async\" src=\"https:\/\/salcininkai.lt\/data\/public\/uploads\/2022\/03\/spm4.jpg\" alt=\"\"\/><\/a><\/figure>\n<\/div>\n<\/div>\n\n\n\n<p>2021 m. sporto mokykloje atlikti darbai pagal projekt\u0105 \u201e\u0160al\u010dininkai+ funkcin\u0117s zonos pl\u0117tros strategijos \u012fgyvendinimas\u201c, kuris leido perplanuoti vidaus patalpas didinant grind\u0173 plot\u0105 iki sporto \u0161ak\u0173 taisykli\u0173 reikalaujam\u0173 standart\u0173, kad sporto mokyklos sal\u0117 atitikt\u0173 ES reikalavimus pravesti auk\u0161to lygio sporto renginius. Padidinus grind\u0173 plot\u0105 kartu \u012frengtos naujos trib\u016bnos, persirengimo kambariai, administracin\u0117 patalpos.<\/p>\n\n\n\n<p>Realizuojant projekto veiklas sporto mokyklai \u012fsigyta ir nauja \u012franga: reguliuojamo auk\u0161\u010dio krep\u0161inio konstrukcijos su krep\u0161inio lankais, moderni \u0161vieslent\u0117, gimnastikos u\u017esi\u0117mimams skirta \u012franga, modern\u016bs \u012fvairi\u0173 paskir\u010di\u0173 treniruokliai.<\/p>\n\n\n\n<p>Rangos darb\u0173 ir \u012frangos vert\u0117 \u2013 298\u202f676 Eur.<\/p>\n\n\n\n<p>Remonto darbai beveik sutapo su \u0161alyje \u012fvestu karantinu, tod\u0117l did\u017eioji dalis u\u017esi\u0117mim\u0173 vyko nuotoliniu b\u016bdu arba Ei\u0161i\u0161ki\u0173 St. Rapolionio gimnazijos sporto sal\u0117je, sporto mokykla naudojosi ir Ei\u0161i\u0161ki\u0173 gimnazijos teniso sale.<\/p>\n\n\n\n<div class=\"wp-block-columns is-layout-flex wp-container-core-columns-is-layout-28f84493 wp-block-columns-is-layout-flex\">\n<div class=\"wp-block-column is-layout-flow wp-block-column-is-layout-flow\">\n<figure class=\"wp-block-image\"><a href=\"https:\/\/salcininkai.lt\/data\/public\/uploads\/2022\/03\/spm5.jpg\"><img decoding=\"async\" src=\"https:\/\/salcininkai.lt\/data\/public\/uploads\/2022\/03\/spm5.jpg\" alt=\"\"\/><\/a><\/figure>\n<\/div>\n\n\n\n<div class=\"wp-block-column is-layout-flow wp-block-column-is-layout-flow\">\n<figure class=\"wp-block-image\"><a href=\"https:\/\/salcininkai.lt\/data\/public\/uploads\/2022\/03\/spm6.jpg\"><img decoding=\"async\" src=\"https:\/\/salcininkai.lt\/data\/public\/uploads\/2022\/03\/spm6.jpg\" alt=\"\"\/><\/a><\/figure>\n<\/div>\n<\/div>\n\n\n\n<div class=\"wp-block-columns is-layout-flex wp-container-core-columns-is-layout-28f84493 wp-block-columns-is-layout-flex\">\n<div class=\"wp-block-column is-layout-flow wp-block-column-is-layout-flow\">\n<figure class=\"wp-block-image\"><a href=\"https:\/\/salcininkai.lt\/data\/public\/uploads\/2022\/03\/spm7.jpg\"><img decoding=\"async\" src=\"https:\/\/salcininkai.lt\/data\/public\/uploads\/2022\/03\/spm7.jpg\" alt=\"\"\/><\/a><\/figure>\n<\/div>\n\n\n\n<div class=\"wp-block-column is-layout-flow wp-block-column-is-layout-flow\">\n<figure class=\"wp-block-image\"><a href=\"https:\/\/salcininkai.lt\/data\/public\/uploads\/2022\/03\/spm8.jpg\"><img decoding=\"async\" src=\"https:\/\/salcininkai.lt\/data\/public\/uploads\/2022\/03\/spm8.jpg\" alt=\"\"\/><\/a><\/figure>\n<\/div>\n<\/div>\n\n\n\n<p>\u0160iuo metu \u0160al\u010dinink\u0173 rajono sporto mokykl\u0105 lanko 234 sportui neabejing\u0173 vaik\u0173 ir jaunuoli\u0173, dirba 10 treneri\u0173. Sporto mokyklos treneriai dirba ne tik Ei\u0161i\u0161k\u0117se, bet ir \u0160al\u010dininkuose, Ja\u0161i\u016bnuose ir Baltojoje Vok\u0117je. Ei\u0161i\u0161k\u0117se gilios rankinio tradicijos, \u0160al\u010dininkuose veikia stipri stalo teniso sekcija, ugdomi tinklininkai, Baltojoje Vok\u0117je pirmenyb\u0117 teikiama graik\u0173 \u2013 rom\u0117n\u0173 kov\u0173 menams ir&nbsp; Ja\u0161i\u016bnuose \u2013 rankiniui.<\/p>\n\n\n\n<p>Apie \u201enauj\u0105\u201c sporto mokykl\u0105 pasakoja direktorius Romas Urvikis.<\/p>\n\n\n\n<p>&#8211; Nauja? I\u0161 esm\u0117s taip, nes po dviej\u0173 met\u0173 \u012f\u017eeng\u0117me \u012f moderni\u0105 ir \u0161iuolaiki\u0161k\u0105 sal\u0119, atitinkan\u010di\u0105 tarptautinius reikalavimus, su fizinio pasirengimo treniruokli\u0173 sale, naujais pagalbiniais ir metodiniu kabinetais, \u017ei\u016brov\u0173 trib\u016bna. \u012egyvendintas vienas pagrindini\u0173 2019-2021 m. strateginio plano tiksl\u0173 &#8211; didinti mokyklos patrauklum\u0105, gerinti jos \u012fvaizd\u012f, &#8211; pasakoja Romas Urvikis. \u2013 2022 metus pasitikome tik\u0117dami tuo k\u0105 dar\u0117me ir k\u0105 darome, priimdami i\u0161kilusius i\u0161\u0161\u016bkius \u2013 pad\u0117ti mokiniams pa\u0161alinti praradusias per 2 metus sporto ugdymo spragas, stiprinti vaik\u0173 atsakomyb\u0119 u\u017e mokym\u0105si pasirinkta sporto \u0161aka, gilinti vaik\u0173 ir \u0161eimos supratim\u0105 apie fizin\u0117s bei emocin\u0117s sveikatos svarb\u0105, priemones sveikatinimui stiprinti. Tikiu, kad tai pasieksime susitelk\u0119 visi:&nbsp; mokyklos darbuotojai, t\u0117vai ir mokytojai, atsidavusiai dirbdami su kiekvienu vaiku, taikydami efektyvius mokymo b\u016bdus, bendradarbiaudami su steig\u0117ju, socialiniais partneriais, tiesiog kurdami laiming\u0105 sporto ugdymo \u012fstaig\u0105, &#8211; su u\u017esidegimu t\u0119sia jis.<\/p>\n\n\n\n<div class=\"wp-block-columns is-layout-flex wp-container-core-columns-is-layout-28f84493 wp-block-columns-is-layout-flex\">\n<div class=\"wp-block-column is-layout-flow wp-block-column-is-layout-flow\">\n<figure class=\"wp-block-image\"><a href=\"https:\/\/salcininkai.lt\/data\/public\/uploads\/2022\/03\/spm9.jpg\"><img decoding=\"async\" src=\"https:\/\/salcininkai.lt\/data\/public\/uploads\/2022\/03\/spm9.jpg\" alt=\"\"\/><\/a><\/figure>\n<\/div>\n\n\n\n<div class=\"wp-block-column is-layout-flow wp-block-column-is-layout-flow\">\n<figure class=\"wp-block-image\"><a href=\"https:\/\/salcininkai.lt\/data\/public\/uploads\/2022\/03\/spm10.jpg\"><img decoding=\"async\" src=\"https:\/\/salcininkai.lt\/data\/public\/uploads\/2022\/03\/spm10.jpg\" alt=\"\"\/><\/a><\/figure>\n<\/div>\n<\/div>\n\n\n\n<p>\u0160al\u010dinink\u0173 rajono Ei\u0161i\u0161ki\u0173 A. Ratkevi\u010diaus sporto mokykla \u2013 tai ne tik pastatas. Tai u\u017esispyrimo, atkaklumo ir meistri\u0161kumo kalv\u0117, pasitik\u0117jimo savimi \u0161altinis, pasiekim\u0173 ir medali\u0173 saugykla. \u0160al\u010dinink\u0173 rajono savivaldyb\u0117 deda pastangas, kad sporto mokyklos aukl\u0117tiniai ne tik sportuot\u0173 tinkamose patalpose, bet ir s\u0117kmingai vykt\u0173 \u012f var\u017eybas ir atstovaut\u0173 rajonui \u0161alies ir u\u017esienio var\u017eybose, motyvuot\u0173 jaunim\u0105 ir vaikus sveikam ir aktyviam gyvenimo b\u016bdui.<\/p>\n\n\n\n<div class=\"wp-block-columns is-layout-flex wp-container-core-columns-is-layout-28f84493 wp-block-columns-is-layout-flex\">\n<div class=\"wp-block-column is-layout-flow wp-block-column-is-layout-flow\">\n<figure class=\"wp-block-image\"><a href=\"https:\/\/salcininkai.lt\/data\/public\/uploads\/2022\/03\/spm11.jpg\"><img decoding=\"async\" src=\"https:\/\/salcininkai.lt\/data\/public\/uploads\/2022\/03\/spm11.jpg\" alt=\"\"\/><\/a><\/figure>\n<\/div>\n\n\n\n<div class=\"wp-block-column is-layout-flow wp-block-column-is-layout-flow\">\n<figure class=\"wp-block-image\"><a href=\"https:\/\/salcininkai.lt\/data\/public\/uploads\/2022\/03\/spm12.jpg\"><img decoding=\"async\" src=\"https:\/\/salcininkai.lt\/data\/public\/uploads\/2022\/03\/spm12.jpg\" alt=\"\"\/><\/a><\/figure>\n<\/div>\n<\/div>\n","protected":false},"excerpt":{"rendered":"<p>\u0160al\u010dinink\u0173 rajono savivaldyb\u0117s pastangomis prasideda naujas \u0160al\u010dinink\u0173 rajono sporto mokyklos istorijos etapas \u2013 po remonto darb\u0173&nbsp; 2022 m. sausio prad\u017eios duris atv\u0117rusi \u0161iuolaiki\u0161kai \u012frengta \u0160al\u010dinink\u0173 rajono A. Ratkevi\u010diaus sporto mokykla. 2020 \u2013 2021 m. \u0160al\u010dinink\u0173 rajono savivaldyb\u0117 \u012fgyvendino net du projektus, leid\u017eian\u010dius si\u016blyti aukl\u0117tiniams kokybi\u0161kas ugdymo ir sporto s\u0105lygas, u\u017etikrinan\u010dius auk\u0161to lygio sporto rengini\u0173 organizavim\u0105. &hellip;<\/p>\n<p class=\"read-more\"> <a class=\"\" href=\"https:\/\/eisiskiuarsportomokykla.lt\/index.php\/2022\/04\/11\/naujas-lapas-sporto-mokyklos-kronikoje\/\"> <span class=\"screen-reader-text\">Naujas lapas sporto mokyklos kronikoje<\/span> Skaityti daugiau &raquo;<\/a><\/p>\n","protected":false},"author":1,"featured_media":0,"comment_status":"open","ping_status":"open","sticky":false,"template":"","format":"standard","meta":{"site-sidebar-layout":"default","site-content-layout":"default","ast-global-header-display":"","ast-main-header-display":"","ast-hfb-above-header-display":"","ast-hfb-below-header-display":"","ast-hfb-mobile-header-display":"","site-post-title":"","ast-breadcrumbs-content":"","ast-featured-img":"","footer-sml-layout":"","theme-transparent-header-meta":"","adv-header-id-meta":"","stick-header-meta":"","header-above-stick-meta":"","header-main-stick-meta":"","header-below-stick-meta":"","footnotes":""},"categories":[1],"tags":[],"class_list":["post-587","post","type-post","status-publish","format-standard","hentry","category-uncategorized"],"_links":{"self":[{"href":"https:\/\/eisiskiuarsportomokykla.lt\/index.php\/wp-json\/wp\/v2\/posts\/587","targetHints":{"allow":["GET"]}}],"collection":[{"href":"https:\/\/eisiskiuarsportomokykla.lt\/index.php\/wp-json\/wp\/v2\/posts"}],"about":[{"href":"https:\/\/eisiskiuarsportomokykla.lt\/index.php\/wp-json\/wp\/v2\/types\/post"}],"author":[{"embeddable":true,"href":"https:\/\/eisiskiuarsportomokykla.lt\/index.php\/wp-json\/wp\/v2\/users\/1"}],"replies":[{"embeddable":true,"href":"https:\/\/eisiskiuarsportomokykla.lt\/index.php\/wp-json\/wp\/v2\/comments?post=587"}],"version-history":[{"count":4,"href":"https:\/\/eisiskiuarsportomokykla.lt\/index.php\/wp-json\/wp\/v2\/posts\/587\/revisions"}],"predecessor-version":[{"id":792,"href":"https:\/\/eisiskiuarsportomokykla.lt\/index.php\/wp-json\/wp\/v2\/posts\/587\/revisions\/792"}],"wp:attachment":[{"href":"https:\/\/eisiskiuarsportomokykla.lt\/index.php\/wp-json\/wp\/v2\/media?parent=587"}],"wp:term":[{"taxonomy":"category","embeddable":true,"href":"https:\/\/eisiskiuarsportomokykla.lt\/index.php\/wp-json\/wp\/v2\/categories?post=587"},{"taxonomy":"post_tag","embeddable":true,"href":"https:\/\/eisiskiuarsportomokykla.lt\/index.php\/wp-json\/wp\/v2\/tags?post=587"}],"curies":[{"name":"wp","href":"https:\/\/api.w.org\/{rel}","templated":true}]}}