{"id":928,"date":"2023-05-05T11:14:53","date_gmt":"2023-05-05T08:14:53","guid":{"rendered":"https:\/\/eisiskiuarsportomokykla.lt\/?p=928"},"modified":"2023-05-05T11:14:53","modified_gmt":"2023-05-05T08:14:53","slug":"graiku-romenu-u13-imtynese-eisiskiu-sm-sportininkas-uzeme-ii-vieta","status":"publish","type":"post","link":"https:\/\/eisiskiuarsportomokykla.lt\/index.php\/2023\/05\/05\/graiku-romenu-u13-imtynese-eisiskiu-sm-sportininkas-uzeme-ii-vieta\/","title":{"rendered":"Graik\u0173-rom\u0117n\u0173 U13 imtyn\u0117se Ei\u0161i\u0161ki\u0173 SM sportininkas u\u017e\u0117m\u0117 II viet\u0105"},"content":{"rendered":"\n<p>2023m. baland\u017eio 29 d. Marijampol\u0117je startavo Lietuvos Respublikos graik\u0173-rom\u0117n\u0173 imtyni\u0173 U13 \u010dempionatas. Ei\u0161i\u0161ki\u0173 A. Ratkevi\u010diaus sporto mokyklai atstovavo du imtynininkai Karol Kovalevskij ir \u0160ar\u016bnas Gulkovas. <br>M\u016bs\u0173 imtynininkas Karol Kovalevskij u\u017e\u0117m\u0117 garbing\u0105j\u0105 II-\u0105j\u0105 viet\u0105! Pirmoje kovoje Karol nugal\u0117jo imtyninink\u0105 i\u0161 Vilkavi\u0161ki\u0173 \u012fsp\u016bdingu metimu i\u0161silenkus, antroje kovoje nugal\u0117jo prie\u0161inink\u0105 i\u0161 Vilniaus, o tre\u010dioje kovoje palau\u017e\u0117 \u0160iauli\u0173 raj. atstov\u0105. Karol laim\u0117jo tris kovas, ta\u010diau kovoje d\u0117l pirmosios vietos tritr\u016bko j\u0117g\u0173. Karol atliko metim\u0105, ta\u010diau nepavyko atlikti jo iki galo, tod\u0117l teko pripa\u017einti \u0160iauli\u0173 miesto atstovo pergal\u0119.<br>&#8222;\u0160is sportininkas prad\u0117jo labiau pasitik\u0117ti savimi, savo j\u0117gomis, dr\u0105siau prad\u0117jo imtyniauti, atlikti puolimo, ginybos veiksmus. Manau, pasiek\u0117me puik\u0173 rezultat\u0105, ateityje \u0161is berniukas taps puikiu imtyninku!&#8221; -teigia sporto mokytojas metodininkas Edmundas Narodovskis.<br>D\u0117kojame Karol u\u017e atiduotas j\u0117gas, u\u017e \u0161\u012f puik\u0173 pasiekim\u0105 ir sporto mokytojui metodininkui Edmundui Narodovskiui u\u017e \u012fd\u0117t\u0105 darb\u0105!<\/p>\n\n\n\n<figure class=\"wp-block-image size-large\"><img fetchpriority=\"high\" decoding=\"async\" width=\"1024\" height=\"768\" src=\"https:\/\/eisiskiuarsportomokykla.lt\/wp-content\/uploads\/2023\/05\/340594701_795225788684156_7888051814392599016_n-1-1024x768.jpg\" alt=\"\" class=\"wp-image-929\" srcset=\"https:\/\/eisiskiuarsportomokykla.lt\/wp-content\/uploads\/2023\/05\/340594701_795225788684156_7888051814392599016_n-1-1024x768.jpg 1024w, https:\/\/eisiskiuarsportomokykla.lt\/wp-content\/uploads\/2023\/05\/340594701_795225788684156_7888051814392599016_n-1-300x225.jpg 300w, https:\/\/eisiskiuarsportomokykla.lt\/wp-content\/uploads\/2023\/05\/340594701_795225788684156_7888051814392599016_n-1-768x576.jpg 768w, https:\/\/eisiskiuarsportomokykla.lt\/wp-content\/uploads\/2023\/05\/340594701_795225788684156_7888051814392599016_n-1-1536x1152.jpg 1536w, https:\/\/eisiskiuarsportomokykla.lt\/wp-content\/uploads\/2023\/05\/340594701_795225788684156_7888051814392599016_n-1.jpg 2048w\" sizes=\"(max-width: 1024px) 100vw, 1024px\" \/><\/figure>\n\n\n\n<figure class=\"wp-block-image size-large\"><img decoding=\"async\" width=\"1024\" height=\"768\" src=\"https:\/\/eisiskiuarsportomokykla.lt\/wp-content\/uploads\/2023\/05\/340501359_952868136134083_1776933392893143754_n-1-1024x768.jpg\" alt=\"\" class=\"wp-image-930\" srcset=\"https:\/\/eisiskiuarsportomokykla.lt\/wp-content\/uploads\/2023\/05\/340501359_952868136134083_1776933392893143754_n-1-1024x768.jpg 1024w, https:\/\/eisiskiuarsportomokykla.lt\/wp-content\/uploads\/2023\/05\/340501359_952868136134083_1776933392893143754_n-1-300x225.jpg 300w, https:\/\/eisiskiuarsportomokykla.lt\/wp-content\/uploads\/2023\/05\/340501359_952868136134083_1776933392893143754_n-1-768x576.jpg 768w, https:\/\/eisiskiuarsportomokykla.lt\/wp-content\/uploads\/2023\/05\/340501359_952868136134083_1776933392893143754_n-1-1536x1152.jpg 1536w, https:\/\/eisiskiuarsportomokykla.lt\/wp-content\/uploads\/2023\/05\/340501359_952868136134083_1776933392893143754_n-1.jpg 2048w\" sizes=\"(max-width: 1024px) 100vw, 1024px\" \/><\/figure>\n","protected":false},"excerpt":{"rendered":"<p>2023m. baland\u017eio 29 d. Marijampol\u0117je startavo Lietuvos Respublikos graik\u0173-rom\u0117n\u0173 imtyni\u0173 U13 \u010dempionatas. Ei\u0161i\u0161ki\u0173 A. Ratkevi\u010diaus sporto mokyklai atstovavo du imtynininkai Karol Kovalevskij ir \u0160ar\u016bnas Gulkovas. M\u016bs\u0173 imtynininkas Karol Kovalevskij u\u017e\u0117m\u0117 garbing\u0105j\u0105 II-\u0105j\u0105 viet\u0105! Pirmoje kovoje Karol nugal\u0117jo imtyninink\u0105 i\u0161 Vilkavi\u0161ki\u0173 \u012fsp\u016bdingu metimu i\u0161silenkus, antroje kovoje nugal\u0117jo prie\u0161inink\u0105 i\u0161 Vilniaus, o tre\u010dioje kovoje palau\u017e\u0117 \u0160iauli\u0173 raj. &hellip;<\/p>\n<p class=\"read-more\"> <a class=\"\" href=\"https:\/\/eisiskiuarsportomokykla.lt\/index.php\/2023\/05\/05\/graiku-romenu-u13-imtynese-eisiskiu-sm-sportininkas-uzeme-ii-vieta\/\"> <span class=\"screen-reader-text\">Graik\u0173-rom\u0117n\u0173 U13 imtyn\u0117se Ei\u0161i\u0161ki\u0173 SM sportininkas u\u017e\u0117m\u0117 II viet\u0105<\/span> Skaityti daugiau &raquo;<\/a><\/p>\n","protected":false},"author":2,"featured_media":0,"comment_status":"open","ping_status":"open","sticky":false,"template":"","format":"standard","meta":{"site-sidebar-layout":"default","site-content-layout":"default","ast-global-header-display":"","ast-main-header-display":"","ast-hfb-above-header-display":"","ast-hfb-below-header-display":"","ast-hfb-mobile-header-display":"","site-post-title":"","ast-breadcrumbs-content":"","ast-featured-img":"","footer-sml-layout":"","theme-transparent-header-meta":"","adv-header-id-meta":"","stick-header-meta":"","header-above-stick-meta":"","header-main-stick-meta":"","header-below-stick-meta":"","footnotes":""},"categories":[1],"tags":[],"class_list":["post-928","post","type-post","status-publish","format-standard","hentry","category-uncategorized"],"_links":{"self":[{"href":"https:\/\/eisiskiuarsportomokykla.lt\/index.php\/wp-json\/wp\/v2\/posts\/928","targetHints":{"allow":["GET"]}}],"collection":[{"href":"https:\/\/eisiskiuarsportomokykla.lt\/index.php\/wp-json\/wp\/v2\/posts"}],"about":[{"href":"https:\/\/eisiskiuarsportomokykla.lt\/index.php\/wp-json\/wp\/v2\/types\/post"}],"author":[{"embeddable":true,"href":"https:\/\/eisiskiuarsportomokykla.lt\/index.php\/wp-json\/wp\/v2\/users\/2"}],"replies":[{"embeddable":true,"href":"https:\/\/eisiskiuarsportomokykla.lt\/index.php\/wp-json\/wp\/v2\/comments?post=928"}],"version-history":[{"count":1,"href":"https:\/\/eisiskiuarsportomokykla.lt\/index.php\/wp-json\/wp\/v2\/posts\/928\/revisions"}],"predecessor-version":[{"id":931,"href":"https:\/\/eisiskiuarsportomokykla.lt\/index.php\/wp-json\/wp\/v2\/posts\/928\/revisions\/931"}],"wp:attachment":[{"href":"https:\/\/eisiskiuarsportomokykla.lt\/index.php\/wp-json\/wp\/v2\/media?parent=928"}],"wp:term":[{"taxonomy":"category","embeddable":true,"href":"https:\/\/eisiskiuarsportomokykla.lt\/index.php\/wp-json\/wp\/v2\/categories?post=928"},{"taxonomy":"post_tag","embeddable":true,"href":"https:\/\/eisiskiuarsportomokykla.lt\/index.php\/wp-json\/wp\/v2\/tags?post=928"}],"curies":[{"name":"wp","href":"https:\/\/api.w.org\/{rel}","templated":true}]}}